[{"@context":"https:\/\/schema.org\/","@type":"Article","@id":"https:\/\/www.anexpc.cz\/hledate-domov-v-cizine\/#Article","mainEntityOfPage":"https:\/\/www.anexpc.cz\/hledate-domov-v-cizine\/","headline":"Hled\u00e1te domov v cizin\u011b?","name":"Hled\u00e1te domov v cizin\u011b?","description":"U\u017e i docela d\u00e1vno bylo skute\u010dnost\u00ed, \u017ee na\u0161i lid\u00e9 v mnoha p\u0159\u00edpadech hledali a tak\u00e9 nalezli domov n\u011bkde v cizin\u011b. Ale tehdy to pochopiteln\u011b nebylo ani n\u00e1hodou tot\u00e9\u017e co dnes. Tehdy se toti\u017e usazovali v cizin\u011b v prvn\u00ed \u0159ad\u011b ti z na\u0161ich \u0159ad, kte\u0159\u00ed utekli vl\u00e1dnouc\u00edmu komunistick\u00e9mu re\u017eimu. Ti, kdo se dostali za zn\u00e1mou \u017eeleznou [&hellip;]","datePublished":"2025-12-17","dateModified":"2025-12-17","author":{"@type":"Person","@id":"https:\/\/www.anexpc.cz\/author\/#Person","name":"","url":"https:\/\/www.anexpc.cz\/author\/","identifier":1,"image":{"@type":"ImageObject","@id":"https:\/\/secure.gravatar.com\/avatar\/d7705a23c50ede72936119380238a88bdeb91030521f9262dc3abc6fdd8add33?s=96&d=mm&r=g","url":"https:\/\/secure.gravatar.com\/avatar\/d7705a23c50ede72936119380238a88bdeb91030521f9262dc3abc6fdd8add33?s=96&d=mm&r=g","height":96,"width":96}},"publisher":{"@type":"Organization","name":"anexpc.cz","logo":{"@type":"ImageObject","@id":"\/logo.png","url":"\/logo.png","width":600,"height":60}},"image":{"@type":"ImageObject","@id":"https:\/\/www.anexpc.cz\/wp-content\/uploads\/SS.jpg","url":"https:\/\/www.anexpc.cz\/wp-content\/uploads\/SS.jpg","height":0,"width":0},"url":"https:\/\/www.anexpc.cz\/hledate-domov-v-cizine\/","about":["Slu\u017eby"],"wordCount":424,"articleBody":"       U\u017e i docela d\u00e1vno bylo skute\u010dnost\u00ed, \u017ee na\u0161i lid\u00e9 v mnoha p\u0159\u00edpadech hledali a tak\u00e9 nalezli domov n\u011bkde v cizin\u011b. Ale tehdy to pochopiteln\u011b nebylo ani n\u00e1hodou tot\u00e9\u017e co dnes. Tehdy se toti\u017e usazovali v cizin\u011b v prvn\u00ed \u0159ad\u011b ti z na\u0161ich \u0159ad, kte\u0159\u00ed utekli vl\u00e1dnouc\u00edmu komunistick\u00e9mu re\u017eimu. Ti, kdo se dostali za zn\u00e1mou \u017eeleznou oponu, tam v pom\u011brn\u011b mnoha p\u0159\u00edpadech z\u016fstali, aby tam za\u010dali nov\u00fd, odli\u0161n\u00fd \u017eivot. A to tehdy vypadalo docela jinak. Pro\u010d? P\u0159edev\u0161\u00edm proto, \u017ee u\u017e se v p\u0159\u00edpad\u011b nedovolen\u00e9ho opu\u0161t\u011bn\u00ed republiky nesm\u011bli vr\u00e1tit, tak\u017ee odch\u00e1zeli do nejistoty bez v\u00fdznamn\u011bj\u0161\u00ed mo\u017enosti sv\u016fj n\u00e1zor p\u0159\u00edpadn\u011b zm\u011bnit. Lid\u00e9, kte\u0159\u00ed tam ut\u00edkali, si tak\u00e9 nemohli br\u00e1t moc sv\u00e9ho majetku s sebou, aby se jejich pokus o odchod neprovalil a oni nebyli vr\u00e1ceni od hranic zp\u011bt, takov\u00ed lid\u00e9 tak\u00e9 nem\u011bli z\u00e1ruku, \u017ee je vytou\u017een\u00e1 zem\u011b p\u0159ijme a jak to bude vypadat\u2026 Zkr\u00e1tka tehdy m\u011bli odch\u00e1zej\u00edc\u00ed lid\u00e9 spoustu probl\u00e9m\u016f. Kdy\u017e se chce n\u011bkdo do ciziny odst\u011bhovat dnes, m\u00e1 to snaz\u0161\u00ed. Je \u0159ada zem\u00ed, kde jsou na\u0161inci v\u00edtan\u00ed, na hranic\u00edch takov\u00e9 st\u011bhuj\u00edc\u00ed se lidi nikdo nezadr\u017e\u00ed, n\u00e1\u0161 st\u00e1t jim do toho u\u017e nem\u00e1 co mluvit, ka\u017ed\u00fd si tam m\u016f\u017ee vz\u00edt s sebou v\u0161e, co vlastn\u00ed\u2026 Tak\u017ee by se dalo \u0159\u00edci, \u017ee je dnes t\u0159eba st\u011bhov\u00e1n\u00ed do Belgie nebo n\u011bjak\u00e9 jin\u00e9 zem\u011b snadn\u00e9.Ale ono to ani dnes tak snadn\u00e9 nen\u00ed. Ale z jin\u00e9ho d\u016fvodu ne\u017e kdysi. Dnes komplikuje lidem takov\u00e9 odst\u011bhov\u00e1n\u00ed se do ciziny hlavn\u011b p\u0159esun jejich majetku. Proto\u017ee je st\u011bhov\u00e1n\u00ed v cizin\u011b prov\u00e1zeno nejednou odli\u0161n\u00fdmi z\u00e1kony a p\u0159edpisy, a kdo je nedodr\u017e\u00ed, m\u016f\u017ee m\u00edt pot\u00ed\u017ee. A tak je t\u0159eba se u\u017e v p\u0159edstihu zaj\u00edmat o to, co takov\u00e9 st\u011bhov\u00e1n\u00ed za hranice bude obn\u00e1\u0161et. A ten, kdo se zaj\u00edm\u00e1, nakonec zjist\u00ed, \u017ee je nejlep\u0161\u00ed nechat to na st\u011bhovac\u00ed firm\u011b specializuj\u00edc\u00ed se pr\u00e1v\u011b na st\u011bhov\u00e1n\u00ed do zahrani\u010d\u00ed. Proto\u017ee ta za st\u011bhuj\u00edc\u00edho se \u010dlov\u011bka vy\u0159e\u0161\u00ed v\u0161e d\u016fle\u017eit\u00e9. A potom se nen\u00ed t\u0159eba takov\u00e9ho st\u011bhov\u00e1n\u00ed se do ciziny v\u016fbec b\u00e1t.                                                                                                                                                                                                                                                                                                                                                                                          4.5\/5 - (2 votes)        "},{"@context":"https:\/\/schema.org\/","@type":"BreadcrumbList","itemListElement":[{"@type":"ListItem","position":1,"name":"Hled\u00e1te domov v cizin\u011b?","item":"https:\/\/www.anexpc.cz\/hledate-domov-v-cizine\/#breadcrumbitem"}]}]