[{"@context":"https:\/\/schema.org\/","@type":"Article","@id":"https:\/\/www.anexpc.cz\/muzeme-vam-nalepit-ochranne-autofolie-na-skla\/#Article","mainEntityOfPage":"https:\/\/www.anexpc.cz\/muzeme-vam-nalepit-ochranne-autofolie-na-skla\/","headline":"M\u016f\u017eeme v\u00e1m nalepit ochrann\u00e9 autof\u00f3lie na skla","name":"M\u016f\u017eeme v\u00e1m nalepit ochrann\u00e9 autof\u00f3lie na skla","description":"N\u00e1\u0161 Audi servis poskytuje rozs\u00e1hl\u00e9 slu\u017eby, kter\u00e9 zahrnuj\u00ed i klemp\u00ed\u0159sk\u00e9 a lak\u00fdrnick\u00e9 pr\u00e1ce, d\u00e1le inspek\u010dn\u00ed pr\u00e1ce, garan\u010dn\u00ed opravy, dal\u0161\u00ed opravy. M\u016f\u017eeme v\u00e1m vym\u011bnit pneumatiky, postar\u00e1me se v\u00e1m o namontov\u00e1n\u00ed centr\u00e1ln\u00edho zamyk\u00e1n\u00ed nebo r\u00e1di\u00ed. Zvl\u00e1dneme v\u0161ak i \u0159adu dal\u0161\u00edch \u010dinnost\u00ed, kter\u00e9 si objedn\u00e1te. V p\u0159\u00edpad\u011b va\u0161eho z\u00e1jmu budeme r\u00e1di, kdy\u017e se n\u00e1m ozvete. M\u016f\u017eete od n\u00e1s [&hellip;]","datePublished":"2024-12-19","dateModified":"2024-12-19","author":{"@type":"Person","@id":"https:\/\/www.anexpc.cz\/author\/#Person","name":"","url":"https:\/\/www.anexpc.cz\/author\/","identifier":1,"image":{"@type":"ImageObject","@id":"https:\/\/secure.gravatar.com\/avatar\/d7705a23c50ede72936119380238a88bdeb91030521f9262dc3abc6fdd8add33?s=96&d=mm&r=g","url":"https:\/\/secure.gravatar.com\/avatar\/d7705a23c50ede72936119380238a88bdeb91030521f9262dc3abc6fdd8add33?s=96&d=mm&r=g","height":96,"width":96}},"publisher":{"@type":"Organization","name":"anexpc.cz","logo":{"@type":"ImageObject","@id":"\/logo.png","url":"\/logo.png","width":600,"height":60}},"url":"https:\/\/www.anexpc.cz\/muzeme-vam-nalepit-ochranne-autofolie-na-skla\/","wordCount":161,"articleBody":"N\u00e1\u0161 Audi servis poskytuje rozs\u00e1hl\u00e9 slu\u017eby, kter\u00e9 zahrnuj\u00ed i klemp\u00ed\u0159sk\u00e9 a lak\u00fdrnick\u00e9 pr\u00e1ce, d\u00e1le inspek\u010dn\u00ed pr\u00e1ce, garan\u010dn\u00ed opravy, dal\u0161\u00ed opravy. M\u016f\u017eeme v\u00e1m vym\u011bnit pneumatiky, postar\u00e1me se v\u00e1m o namontov\u00e1n\u00ed centr\u00e1ln\u00edho zamyk\u00e1n\u00ed nebo r\u00e1di\u00ed. Zvl\u00e1dneme v\u0161ak i \u0159adu dal\u0161\u00edch \u010dinnost\u00ed, kter\u00e9 si objedn\u00e1te. V p\u0159\u00edpad\u011b va\u0161eho z\u00e1jmu budeme r\u00e1di, kdy\u017e se n\u00e1m ozvete. M\u016f\u017eete od n\u00e1s dostat i n\u00e1hradn\u00ed d\u00edly Na\u0161im klient\u016fm poskytujeme vysoce kvalitn\u00ed slu\u017eby. M\u00e1me k tomu pot\u0159ebnou techniku, ale i pln\u011b kvalifikovan\u00fd a perfektn\u011b pro\u0161kolen\u00fd person\u00e1l. Jenom d\u00edky tomu svou pr\u00e1ci zvl\u00e1d\u00e1me na t\u00e9 nejvy\u0161\u0161\u00ed \u00farovni. Na\u0161i z\u00e1kazn\u00edci jsou s na\u0161im Audi servisem pln\u011b spokojeni, co\u017e si m\u016f\u017eete sami zjistit z jejich referenc\u00ed. Postar\u00e1me se i o va\u0161e automobily.                                                                                                                                                                                                                                                                                                                                                                                                "},{"@context":"https:\/\/schema.org\/","@type":"BreadcrumbList","itemListElement":[{"@type":"ListItem","position":1,"name":"M\u016f\u017eeme v\u00e1m nalepit ochrann\u00e9 autof\u00f3lie na skla","item":"https:\/\/www.anexpc.cz\/muzeme-vam-nalepit-ochranne-autofolie-na-skla\/#breadcrumbitem"}]}]